{"id":8840,"date":"2023-02-18T00:10:44","date_gmt":"2023-02-18T03:10:44","guid":{"rendered":"http:\/\/atitudenoticias.com.br\/?p=8840"},"modified":"2023-02-18T11:19:44","modified_gmt":"2023-02-18T14:19:44","slug":"e-inexplicavel-surreal-e-muita-emocao-que-bate-na-gente-diz-patricia-gomes-ex-vocalista-da-timbalada-sobre-o-carnaval","status":"publish","type":"post","link":"https:\/\/atitudenoticias.com.br\/?p=8840","title":{"rendered":"&#8220;\u00c9 inexplic\u00e1vel, surreal, \u00e9 muita emo\u00e7\u00e3o que bate na gente&#8221;, diz Patr\u00edcia Gomes ex vocalista da Timbalada sobre o Carnaval"},"content":{"rendered":"\n<p class=\"wp-block-paragraph\">H\u00e1 um ditado popular que diz: &#8220;Os \u00faltimos ser\u00e3o os primeiros&#8221;. E esse ditado popular se encaixa perfeitamente na hist\u00f3ria da nossa entrevistada, a ex-vocalista da banda Timbalada Patr\u00edcia Gomes, que foi a \u00faltima a se apresentar em um teste para escolha do vocal feminino da Timbalada, mas foi a primeira escolhida para fazer parte da banda. Em mais uma reportagem especial de Carnaval, Edvaldo Peixoto entrevista Patr\u00edcia que conta sua expectativa para o Carnaval 2023, ao rep\u00f3rter da R\u00e1dio Sociedade News FM 102,2. confira. <\/p>\n\n\n\n<p class=\"wp-block-paragraph\">&#8220;Estou numa expectativa muito grande, comecei a trabalhar bem antes do Carnaval, estou com v\u00e1rios projetos, tem o meu trabalho solo com a minha banda, domingo de Carnaval com o bloco Timbalada, com Carlinhos Brown e os ex-integrantes da Timbalada,&nbsp;Ninha, Xex\u00e9u, Alexandre Guedes e Augusto Concei\u00e7\u00e3o, eu mesmo fiz um show com o projeto feminino Timbaladies, tem camarote, arrast\u00e3o com Brown e na ter\u00e7a-feira com ele tamb\u00e9m no Campo Grande.&nbsp;<\/p>\n\n\n\n<figure class=\"wp-block-image size-full\"><img fetchpriority=\"high\" decoding=\"async\" width=\"900\" height=\"603\" src=\"http:\/\/atitudenoticias.com.br\/wp-content\/uploads\/2023\/02\/timbaladaiese_alo_alo_bahia.jpg\" alt=\"\" class=\"wp-image-8841\" srcset=\"https:\/\/atitudenoticias.com.br\/wp-content\/uploads\/2023\/02\/timbaladaiese_alo_alo_bahia.jpg 900w, https:\/\/atitudenoticias.com.br\/wp-content\/uploads\/2023\/02\/timbaladaiese_alo_alo_bahia-300x201.jpg 300w, https:\/\/atitudenoticias.com.br\/wp-content\/uploads\/2023\/02\/timbaladaiese_alo_alo_bahia-768x515.jpg 768w, https:\/\/atitudenoticias.com.br\/wp-content\/uploads\/2023\/02\/timbaladaiese_alo_alo_bahia-585x392.jpg 585w, https:\/\/atitudenoticias.com.br\/wp-content\/uploads\/2023\/02\/timbaladaiese_alo_alo_bahia-263x175.jpg 263w\" sizes=\"(max-width: 900px) 100vw, 900px\" \/><figcaption class=\"wp-element-caption\">Timbaladies &#8211; Patr\u00edcia, Paula e Amanda<\/figcaption><\/figure>\n\n\n\n<p class=\"wp-block-paragraph\">Patr\u00edcia Gomes conta como chegou na Timbalada.<\/p>\n\n\n\n<p class=\"wp-block-paragraph\">&#8220;Atrav\u00e9s de um convite de um timbaleiro, que j\u00e1 tocava na Timbalada, naquele barro onde tudo come\u00e7ou, Coelho, que hoje mora em Portugal, soube de uma audi\u00e7\u00e3o para cantora e me chamou, nunca imaginei que seria a cantora, porque eu queria ser professora, custou um pouquinho, mas fui fazer o teste, l\u00e1 estavam v\u00e1rias cantoras, cheguei as 11 horas da manh\u00e3 e l\u00e1 para as 18hs, a banda j\u00e1 estava saindo, todas tinham feito o teste. C\u00edcero Menezes, s\u00f3cio de Brown a \u00e9poca, falou com ele que eu ainda n\u00e3o tinha cantado, comecei a cantar e pronto, foi assim, todo mundo gostou, gra\u00e7as a Deus, no dia seguinte, j\u00e1 fui gravar Toque de Timbaleiro.<\/p>\n\n\n\n<p class=\"wp-block-paragraph\">Sobre a emblem\u00e1tica capa que mostra os seus seios pintados, Patr\u00edcia disse que n\u00e3o se via como um s\u00edmbolo sexual, porque as coisas naquele tempo eram bem diferentes.<\/p>\n\n\n\n<p class=\"wp-block-paragraph\">&#8220;As coisas naquela \u00e9poca eram completamente diferentes, era um trabalho art\u00edstico, hoje em dia n\u00e3o, sou muito de boa para essas coisas, \u00e9 um trabalho como qualquer outro, que a pessoa sai da sua casa de manh\u00e3 cedinho e vai trabalhar para conseguir o p\u00e3o de cada dia, seu sal\u00e1rio para pagar suas contas, sempre tive essa vis\u00e3o, nunca me vi como artista&#8221;, afirmou.<\/p>\n\n\n\n<figure class=\"wp-block-image size-full\"><img decoding=\"async\" width=\"400\" height=\"400\" src=\"http:\/\/atitudenoticias.com.br\/wp-content\/uploads\/2023\/02\/timbaladacapa.jpg\" alt=\"\" class=\"wp-image-8842\" srcset=\"https:\/\/atitudenoticias.com.br\/wp-content\/uploads\/2023\/02\/timbaladacapa.jpg 400w, https:\/\/atitudenoticias.com.br\/wp-content\/uploads\/2023\/02\/timbaladacapa-300x300.jpg 300w, https:\/\/atitudenoticias.com.br\/wp-content\/uploads\/2023\/02\/timbaladacapa-150x150.jpg 150w\" sizes=\"(max-width: 400px) 100vw, 400px\" \/><\/figure>\n\n\n\n<p class=\"wp-block-paragraph\">Para Patr\u00edcia, a Timbalada \u00e9 importante n\u00e3o s\u00f3 como banda, mas como projeto social, porque mudou a vida das pessoas.<\/p>\n\n\n\n<p class=\"wp-block-paragraph\">&#8220;Candeal pequeno era uma coisa, depois da Timbalada transformou-se em outra, isso \u00e9 fato, parece a Barra que os turistas vem, porque todo mundo quer conhecer onde \u00e9 o gueto, essa coisa boa que com o trabalho e intelig\u00eancia de Brown conseguiu passar para as pessoas, isso \u00e9 muito importante para o bairro, quando tem evento os moradores colocam suas coisas para vender, movimentando o com\u00e9rcio local e garantindo o sustento das fam\u00edlias&#8221;, disse.&nbsp;<\/p>\n\n\n\n<p class=\"wp-block-paragraph\">Para a timbaleira, o momento mais marcante da sua carreira foi o show no Jap\u00e3o.&nbsp;<\/p>\n\n\n\n<p class=\"wp-block-paragraph\">&#8220;A que mais me marcou, pelo fato de ser muito longe, no Jap\u00e3o, nosso primeiro CD foi um sucesso t\u00e3o tremendo que fomos ao Jap\u00e3o, e quando chegamos, fui recebida com flores, fiquei bastante emocionada, e at\u00e9 pela \u00e9poca n\u00e3o imagin\u00e1vamos chegar t\u00e3o longe, foram 23 horas de avi\u00e3o, e quando fui cantar, me emocionei, ao pular tropecei na caixa de som, nunca esque\u00e7o disso, \u00e9 lindo, parece triste mas n\u00e3o, \u00e9 emocionante.&nbsp;<\/p>\n\n\n\n<p class=\"wp-block-paragraph\">Patr\u00edcia se emociona ao falar sobre o reencontro com ex-companheiros de Timbalada em show ocorrido no Candyall Ghetho Square, no dia 11 de dezembro, segundo ela, algo que n\u00e3o se v\u00ea mais hoje em dia.<\/p>\n\n\n\n<p class=\"wp-block-paragraph\">&#8220;Foi emo\u00e7\u00e3o, l\u00e1grimas, risos, alegria, aquela mistura que infelizmente n\u00e3o vemos muito hoje, foi aquela lembran\u00e7a, de voc\u00ea olhar para o bra\u00e7o e ver que est\u00e1 todo arrepiado, algo que voc\u00ea gostaria de explicar mas n\u00e3o consegue, foi o que pintou naquele Gueto, h\u00e1 muito tempo as pessoas vem pedindo essa jun\u00e7\u00e3o, esse momento, aqueles f\u00e3s que realmente s\u00e3o timbaleiros raiz queriam ver, e gra\u00e7as a Deus, Brown ouviu esse clamor e resolveu fazer essa coisa linda que foi feita no Candyall Ghetho Square&#8221;, disse.<\/p>\n\n\n\n<p class=\"wp-block-paragraph\">A&nbsp; vocalista disse que tem muita vontade de voltar a se apresentar na Micareta de Feira, mas que infelizmente, n\u00e3o depende somente dela.<\/p>\n\n\n\n<p class=\"wp-block-paragraph\">&#8220;Eu bem que gostaria de estar na Micareta de Feira, mas n\u00e3o depende de mim, vamos tentar, mas espero que d\u00ea tudo certo, para mim \u00e9 uma honra, porque sei o tamanho do carinho que o povo feirense tem por mim e pela Timbalada, \u00e9 sempre um motivo de alegria participar da maior Micareta do Brasil&#8221;.<\/p>\n\n\n\n<figure class=\"wp-block-image size-full\"><img decoding=\"async\" width=\"522\" height=\"783\" src=\"http:\/\/atitudenoticias.com.br\/wp-content\/uploads\/2023\/02\/IMG_3262.jpg\" alt=\"\" class=\"wp-image-8877\" srcset=\"https:\/\/atitudenoticias.com.br\/wp-content\/uploads\/2023\/02\/IMG_3262.jpg 522w, https:\/\/atitudenoticias.com.br\/wp-content\/uploads\/2023\/02\/IMG_3262-200x300.jpg 200w\" sizes=\"(max-width: 522px) 100vw, 522px\" \/><\/figure>\n\n\n\n<p class=\"wp-block-paragraph\">Agenda para o Carnaval 2023<\/p>\n\n\n\n<p class=\"wp-block-paragraph\">&#8220;Gostaria muito de convidar a todos, para fazer parte desse maravilhoso Carnaval t\u00e3o esperado, depois de dois anos com essa pandemia, que nos deixou muito tristes e saudosos, venham participar com muito amor e carinho, estarei no s\u00e1bado (18) pela manh\u00e3 no Campo Grande com bloco infantil, no domingo (19) no circuito Barra\/Ondina com o bloco Timbalada, ter\u00e7a-feira novamente no Barra\/Ondina tudo isso junto com Brown e no arrast\u00e3o que n\u00e3o pode faltar que come\u00e7a \u00e0s 10h.&nbsp;\u00c9 inexplic\u00e1vel, surreal, \u00e9 muita emo\u00e7\u00e3o que bate na gente, esse arrast\u00e3o quem inventou foi o Brown, hoje alguns cantores j\u00e1 fazem, mas antes s\u00f3 sa\u00eda a Timbalada, todo mundo acabado da ter\u00e7a, mas tinha gente que j\u00e1 ficava l\u00e1 para o arrast\u00e3o na quarta e era a coisa mais linda&#8221;, finalizou.<\/p>\n\n\n\n<figure class=\"wp-block-image size-full\"><img loading=\"lazy\" decoding=\"async\" width=\"800\" height=\"501\" src=\"http:\/\/atitudenoticias.com.br\/wp-content\/uploads\/2023\/02\/timbalada-antiga.jpg\" alt=\"\" class=\"wp-image-8771\" srcset=\"https:\/\/atitudenoticias.com.br\/wp-content\/uploads\/2023\/02\/timbalada-antiga.jpg 800w, https:\/\/atitudenoticias.com.br\/wp-content\/uploads\/2023\/02\/timbalada-antiga-300x188.jpg 300w, https:\/\/atitudenoticias.com.br\/wp-content\/uploads\/2023\/02\/timbalada-antiga-768x481.jpg 768w, https:\/\/atitudenoticias.com.br\/wp-content\/uploads\/2023\/02\/timbalada-antiga-585x366.jpg 585w\" sizes=\"(max-width: 800px) 100vw, 800px\" \/><\/figure>\n\n\n\n<p class=\"wp-block-paragraph\"><em><strong>(Reportagem: Edvaldo Peixoto e Luiz Santos)<\/strong><\/em><\/p>\n","protected":false},"excerpt":{"rendered":"<p>H\u00e1 um ditado popular que diz: &#8220;Os \u00faltimos ser\u00e3o os primeiros&#8221;. E esse ditado popular&hellip;<\/p>\n","protected":false},"author":2,"featured_media":8843,"comment_status":"open","ping_status":"open","sticky":false,"template":"","format":"standard","meta":{"footnotes":""},"categories":[67,69],"tags":[],"class_list":["post-8840","post","type-post","status-publish","format-standard","has-post-thumbnail","hentry","category-carnaval","category-destaque"],"_links":{"self":[{"href":"https:\/\/atitudenoticias.com.br\/index.php?rest_route=\/wp\/v2\/posts\/8840","targetHints":{"allow":["GET"]}}],"collection":[{"href":"https:\/\/atitudenoticias.com.br\/index.php?rest_route=\/wp\/v2\/posts"}],"about":[{"href":"https:\/\/atitudenoticias.com.br\/index.php?rest_route=\/wp\/v2\/types\/post"}],"author":[{"embeddable":true,"href":"https:\/\/atitudenoticias.com.br\/index.php?rest_route=\/wp\/v2\/users\/2"}],"replies":[{"embeddable":true,"href":"https:\/\/atitudenoticias.com.br\/index.php?rest_route=%2Fwp%2Fv2%2Fcomments&post=8840"}],"version-history":[{"count":3,"href":"https:\/\/atitudenoticias.com.br\/index.php?rest_route=\/wp\/v2\/posts\/8840\/revisions"}],"predecessor-version":[{"id":8878,"href":"https:\/\/atitudenoticias.com.br\/index.php?rest_route=\/wp\/v2\/posts\/8840\/revisions\/8878"}],"wp:featuredmedia":[{"embeddable":true,"href":"https:\/\/atitudenoticias.com.br\/index.php?rest_route=\/wp\/v2\/media\/8843"}],"wp:attachment":[{"href":"https:\/\/atitudenoticias.com.br\/index.php?rest_route=%2Fwp%2Fv2%2Fmedia&parent=8840"}],"wp:term":[{"taxonomy":"category","embeddable":true,"href":"https:\/\/atitudenoticias.com.br\/index.php?rest_route=%2Fwp%2Fv2%2Fcategories&post=8840"},{"taxonomy":"post_tag","embeddable":true,"href":"https:\/\/atitudenoticias.com.br\/index.php?rest_route=%2Fwp%2Fv2%2Ftags&post=8840"}],"curies":[{"name":"wp","href":"https:\/\/api.w.org\/{rel}","templated":true}]}}