{"id":9041,"date":"2023-03-04T03:57:20","date_gmt":"2023-03-04T06:57:20","guid":{"rendered":"http:\/\/atitudenoticias.com.br\/?p=9041"},"modified":"2023-03-04T03:57:20","modified_gmt":"2023-03-04T06:57:20","slug":"curso-para-gestantes-orienta-casais-para-o-antes-durante-e-o-pos-parto","status":"publish","type":"post","link":"https:\/\/atitudenoticias.com.br\/?p=9041","title":{"rendered":"Curso para Gestantes orienta casais para o antes, durante e o p\u00f3s parto"},"content":{"rendered":"\n<p><em><strong>S\u00e3o 30 vagas para gestantes que fazem pr\u00e9-natal na rede municipal<\/strong><\/em><\/p>\n\n\n\n<p>Para preparar as mam\u00e3es para o momento do parto e esclarecer todas as d\u00favidas que surgem durante a gesta\u00e7\u00e3o, o Hospital In\u00e1cia Pinto dos Santos (HIPS), conhecido como Hospital da Mulher, promover\u00e1 a 35\u00aa edi\u00e7\u00e3o do Curso para Gestantes no dia 14 de mar\u00e7o. O curso ser\u00e1 realizado no audit\u00f3rio do HIPS,&nbsp;com carga hor\u00e1ria de 4 horas.<\/p>\n\n\n\n<p>Este ano, o curso oferecer\u00e1 30 vagas para gestantes que fazem pr\u00e9-natal na rede municipal&nbsp;e ser\u00e1 realizado 100% presencialmente. A iniciativa \u00e9 fundamental para preparar as m\u00e3es para o momento do parto, assim como conhecer o ambiente hospitalar e a equipe multiprofissional que estar\u00e1 presente no momento do parto.<\/p>\n\n\n\n<blockquote class=\"wp-block-quote is-layout-flow wp-block-quote-is-layout-flow\">\n<p>&#8220;\u00c9 fundamental conhecer o ambiente hospitalar, conhecer a equipe multiprofissional que estar\u00e1 no momento do parto e esclarecer d\u00favidas. Com isso, cria-se um v\u00ednculo de seguran\u00e7a entre o paciente e a equipe m\u00e9dica&#8221;, salientou Gilberte Lucas, diretora-presidente da Funda\u00e7\u00e3o Hospitalar.<\/p>\n<\/blockquote>\n\n\n\n<p>Durante o curso, os&nbsp;casais receber\u00e3o orienta\u00e7\u00f5es sobre os cuidados com a sa\u00fade antes, durante e depois do parto, como realizar a amamenta\u00e7\u00e3o, a alimenta\u00e7\u00e3o da gestante e os cuidados com o rec\u00e9m-nascido. Al\u00e9m disso, os participantes poder\u00e3o esclarecer d\u00favidas com profissionais da sa\u00fade, como obstetras, enfermeiros, pediatras, entre outros.<\/p>\n\n\n\n<p><strong>INSCRI\u00c7\u00d5ES<\/strong><\/p>\n\n\n\n<p>As inscri\u00e7\u00f5es para o curso estar\u00e3o dispon\u00edveis a partir do dia 06 de mar\u00e7o at\u00e9 o dia 10 de mar\u00e7o e podem ser feitas pelo e-mail&nbsp;<em>educacao.permanente@fhfs.ba.gov.br<\/em>&nbsp;ou pelo telefone (75)3602-7100 (ramal 7213). Tamb\u00e9m \u00e9 poss\u00edvel se inscrever pelo site&nbsp;<strong><a href=\"http:\/\/www.even3.com.br\/cursodegestanteships\">www.even3.com.br\/cursodegestanteships<\/a><\/strong>.<\/p>\n\n\n\n<p>Gilberte Lucas acrescenta que o Curso para Gestantes \u00e9 uma iniciativa importante para preparar as mam\u00e3es para o momento do parto e garantir a seguran\u00e7a e o bem-estar da m\u00e3e e do beb\u00ea.\u00a0<em>&#8220;\u00c9 fundamental que as gestantes se preparem adequadamente para esse momento t\u00e3o especial de suas vidas&#8221;<\/em>.<\/p>\n\n\n\n<p><strong><em>(SECOM\/PMFS)<\/em><\/strong><\/p>\n","protected":false},"excerpt":{"rendered":"<p>S\u00e3o 30 vagas para gestantes que fazem pr\u00e9-natal na rede municipal Para preparar as mam\u00e3es&hellip;<\/p>\n","protected":false},"author":2,"featured_media":9042,"comment_status":"open","ping_status":"open","sticky":false,"template":"","format":"standard","meta":{"footnotes":""},"categories":[58,25],"tags":[],"class_list":["post-9041","post","type-post","status-publish","format-standard","has-post-thumbnail","hentry","category-feira-de-santana","category-saude"],"_links":{"self":[{"href":"https:\/\/atitudenoticias.com.br\/index.php?rest_route=\/wp\/v2\/posts\/9041","targetHints":{"allow":["GET"]}}],"collection":[{"href":"https:\/\/atitudenoticias.com.br\/index.php?rest_route=\/wp\/v2\/posts"}],"about":[{"href":"https:\/\/atitudenoticias.com.br\/index.php?rest_route=\/wp\/v2\/types\/post"}],"author":[{"embeddable":true,"href":"https:\/\/atitudenoticias.com.br\/index.php?rest_route=\/wp\/v2\/users\/2"}],"replies":[{"embeddable":true,"href":"https:\/\/atitudenoticias.com.br\/index.php?rest_route=%2Fwp%2Fv2%2Fcomments&post=9041"}],"version-history":[{"count":1,"href":"https:\/\/atitudenoticias.com.br\/index.php?rest_route=\/wp\/v2\/posts\/9041\/revisions"}],"predecessor-version":[{"id":9043,"href":"https:\/\/atitudenoticias.com.br\/index.php?rest_route=\/wp\/v2\/posts\/9041\/revisions\/9043"}],"wp:featuredmedia":[{"embeddable":true,"href":"https:\/\/atitudenoticias.com.br\/index.php?rest_route=\/wp\/v2\/media\/9042"}],"wp:attachment":[{"href":"https:\/\/atitudenoticias.com.br\/index.php?rest_route=%2Fwp%2Fv2%2Fmedia&parent=9041"}],"wp:term":[{"taxonomy":"category","embeddable":true,"href":"https:\/\/atitudenoticias.com.br\/index.php?rest_route=%2Fwp%2Fv2%2Fcategories&post=9041"},{"taxonomy":"post_tag","embeddable":true,"href":"https:\/\/atitudenoticias.com.br\/index.php?rest_route=%2Fwp%2Fv2%2Ftags&post=9041"}],"curies":[{"name":"wp","href":"https:\/\/api.w.org\/{rel}","templated":true}]}}