{"id":9469,"date":"2023-04-12T00:03:03","date_gmt":"2023-04-12T03:03:03","guid":{"rendered":"http:\/\/atitudenoticias.com.br\/?p=9469"},"modified":"2023-04-12T00:03:32","modified_gmt":"2023-04-12T03:03:32","slug":"justica-determina-apreensao-de-aviao-de-valdemiro-santiago-para-pagamento-de-divida-milionaria","status":"publish","type":"post","link":"https:\/\/atitudenoticias.com.br\/?p=9469","title":{"rendered":"Justi\u00e7a determina apreens\u00e3o de avi\u00e3o de Valdemiro Santiago para pagamento de d\u00edvida milion\u00e1ria"},"content":{"rendered":"\n<p><strong><em>D\u00edvida da empresa do l\u00edder da Igreja Mundial do Poder de Deus \u00e9 de R$ 21,4 milh\u00f5es<\/em><\/strong><\/p>\n\n\n\n<p>O Tribunal de&nbsp;<a href=\"https:\/\/www.terra.com.br\/noticias\/justica\/\">Justi\u00e7a<\/a>&nbsp;de S\u00e3o Paulo&nbsp;<strong>determinou a apreens\u00e3o de um avi\u00e3o de&nbsp;<a href=\"https:\/\/www.terra.com.br\/noticias\/justica-penhora-dizimos-de-fieis-da-igreja-do-pastor-valdemiro-santiago-divida-de-r-70-mil,f2242bb2dec09401bba12503afc5d27asne1au0o.html\">Valdemiro Santiago<\/a><\/strong>, l\u00edder evang\u00e9lico e fundador da Igreja Mundial do Poder de Deus. A a\u00e7\u00e3o foi movida pela&nbsp;<strong>Nacional Bank<\/strong>, a fim de&nbsp;<strong>receber a quantia de R$ 21,4 milh\u00f5es&nbsp;<\/strong>referente a uma d\u00edvida contra\u00edda por uma das empresas do pastor, a&nbsp;<strong>Intertev\u00ea Servi\u00e7os Ltda<\/strong>. A aeronave teria sido apresentada como garantia de pagamento.<\/p>\n\n\n\n<p>Conforme apurado pelo\u00a0<strong>Terra<\/strong>, o juiz Felipe Poyares Miranda, da 16\u00aa Vara C\u00edvel de S\u00e3o Paulo, determinou que os advogados da empresa fossem intimados a entregar a aeronave Pilatus, modelo PC 12\/47E, n\u00famero de s\u00e9rie 1127, em 24 horas,\u00a0a um oficial de Justi\u00e7a no aeroporto Estadual Comandante Rolim Adolfo Amaro em Jundia\u00ed (SP). A decis\u00e3o \u00e9 do dia 29 de mar\u00e7o deste ano.<\/p>\n\n\n\n<p>Conforme aponta o Nacional Bank, autora da a\u00e7\u00e3o, em 2018, Filipe Pires Iannie, genro de Valdemiro, assinou um termo de confiss\u00e3o de d\u00edvida, e apresentou a aeronave como garantia de bem de penhora. Ainda conforme a institui\u00e7\u00e3o, o pastor tentou &#8220;ocultar&#8221; o patrim\u00f4nio que seria penhorado para a empresa&nbsp;<strong>Eu Transpiro Adora\u00e7\u00e3o Produ\u00e7\u00f5es Art\u00edsticas Ltda<\/strong>., representada pela filha do pastor.<\/p>\n\n\n\n<p>&#8220;N\u00e3o \u00e9 s\u00f3 p\u00fablico, mas tamb\u00e9m not\u00f3rio a busca constante pelo ap\u00f3stolo do &#8216;milagre da blindagem patrimonial de seus bens'&#8221;, argumentou a institui\u00e7\u00e3o \u00e0 Justi\u00e7a.<\/p>\n\n\n\n<p>Em uma nova decis\u00e3o, publicada nesta ter\u00e7a-feira, 11, o juiz afirmou que a empresa da filha de Valdemiro justificou a impossibilidade de entrega da aeronave por restri\u00e7\u00f5es de voo. Segundo ela,&nbsp;impostas por decis\u00e3o judicial e da Ag\u00eancia Nacional de Avia\u00e7\u00e3o Civil (Anac), j\u00e1 que o equipamento est\u00e1 no aeroporto de Bonito (MS).<\/p>\n\n\n\n<p>Diante disso, o magistrado pediu para que o banco se manifeste em at\u00e9 cinco dias para que seja expedida a busca e apreens\u00e3o do avi\u00e3o no hangar de Bonito. <em><strong>(Terra)<\/strong><\/em><\/p>\n","protected":false},"excerpt":{"rendered":"<p>D\u00edvida da empresa do l\u00edder da Igreja Mundial do Poder de Deus \u00e9 de R$&hellip;<\/p>\n","protected":false},"author":2,"featured_media":9470,"comment_status":"open","ping_status":"open","sticky":false,"template":"","format":"standard","meta":{"footnotes":""},"categories":[62],"tags":[],"class_list":["post-9469","post","type-post","status-publish","format-standard","has-post-thumbnail","hentry","category-justica"],"_links":{"self":[{"href":"https:\/\/atitudenoticias.com.br\/index.php?rest_route=\/wp\/v2\/posts\/9469","targetHints":{"allow":["GET"]}}],"collection":[{"href":"https:\/\/atitudenoticias.com.br\/index.php?rest_route=\/wp\/v2\/posts"}],"about":[{"href":"https:\/\/atitudenoticias.com.br\/index.php?rest_route=\/wp\/v2\/types\/post"}],"author":[{"embeddable":true,"href":"https:\/\/atitudenoticias.com.br\/index.php?rest_route=\/wp\/v2\/users\/2"}],"replies":[{"embeddable":true,"href":"https:\/\/atitudenoticias.com.br\/index.php?rest_route=%2Fwp%2Fv2%2Fcomments&post=9469"}],"version-history":[{"count":2,"href":"https:\/\/atitudenoticias.com.br\/index.php?rest_route=\/wp\/v2\/posts\/9469\/revisions"}],"predecessor-version":[{"id":9472,"href":"https:\/\/atitudenoticias.com.br\/index.php?rest_route=\/wp\/v2\/posts\/9469\/revisions\/9472"}],"wp:featuredmedia":[{"embeddable":true,"href":"https:\/\/atitudenoticias.com.br\/index.php?rest_route=\/wp\/v2\/media\/9470"}],"wp:attachment":[{"href":"https:\/\/atitudenoticias.com.br\/index.php?rest_route=%2Fwp%2Fv2%2Fmedia&parent=9469"}],"wp:term":[{"taxonomy":"category","embeddable":true,"href":"https:\/\/atitudenoticias.com.br\/index.php?rest_route=%2Fwp%2Fv2%2Fcategories&post=9469"},{"taxonomy":"post_tag","embeddable":true,"href":"https:\/\/atitudenoticias.com.br\/index.php?rest_route=%2Fwp%2Fv2%2Ftags&post=9469"}],"curies":[{"name":"wp","href":"https:\/\/api.w.org\/{rel}","templated":true}]}}