{"id":9760,"date":"2023-05-08T23:54:05","date_gmt":"2023-05-09T02:54:05","guid":{"rendered":"http:\/\/atitudenoticias.com.br\/?p=9760"},"modified":"2023-05-08T23:54:05","modified_gmt":"2023-05-09T02:54:05","slug":"ssp-suspende-licitacao-para-aquisicao-de-cameras-corporais-para-uso-das-policias","status":"publish","type":"post","link":"https:\/\/atitudenoticias.com.br\/?p=9760","title":{"rendered":"SSP suspende licita\u00e7\u00e3o para aquisi\u00e7\u00e3o de c\u00e2meras corporais para uso das pol\u00edcias"},"content":{"rendered":"\n<p><em><strong>Pasta afirma que a licita\u00e7\u00e3o ser\u00e1 republicada, mas n\u00e3o definiu datas<\/strong><\/em><\/p>\n\n\n\n<p>A Secretaria de Seguran\u00e7a P\u00fablica da Bahia (SSP-BA) divulgou nesta segunda-feira (8) a suspens\u00e3o da licita\u00e7\u00e3o para contrata\u00e7\u00e3o da empresa respons\u00e1vel pelas c\u00e2meras corporais que seriam usadas por policiais em todo o estado. N\u00e3o h\u00e1 data marcada para uma nova licita\u00e7\u00e3o. As informa\u00e7\u00f5es s\u00e3o da TV Bahia.<\/p>\n\n\n\n<p>A decis\u00e3o veio ap\u00f3s seis empresas pedirem esclarecimentos e quatro pedirem impugna\u00e7\u00f5es acerca da oferta.<\/p>\n\n\n\n<p>A suspens\u00e3o da licita\u00e7\u00e3o acontece no dia em que deveria acontecer o preg\u00e3o eletr\u00f4nico. O edital para aquisi\u00e7\u00e3o das bodycams foi publicado no dia 19 de abril.\u00a0Ap\u00f3s o preg\u00e3o, a empresa vencedora passaria pela prova de conceito.<\/p>\n\n\n\n<p><em><strong>(Correio24hs &#8211; Foto: Alberto Maraux)<\/strong><\/em><\/p>\n","protected":false},"excerpt":{"rendered":"<p>Pasta afirma que a licita\u00e7\u00e3o ser\u00e1 republicada, mas n\u00e3o definiu datas A Secretaria de Seguran\u00e7a&hellip;<\/p>\n","protected":false},"author":2,"featured_media":9761,"comment_status":"open","ping_status":"open","sticky":false,"template":"","format":"standard","meta":{"footnotes":""},"categories":[20,60],"tags":[],"class_list":["post-9760","post","type-post","status-publish","format-standard","has-post-thumbnail","hentry","category-brasil","category-policia"],"_links":{"self":[{"href":"https:\/\/atitudenoticias.com.br\/index.php?rest_route=\/wp\/v2\/posts\/9760","targetHints":{"allow":["GET"]}}],"collection":[{"href":"https:\/\/atitudenoticias.com.br\/index.php?rest_route=\/wp\/v2\/posts"}],"about":[{"href":"https:\/\/atitudenoticias.com.br\/index.php?rest_route=\/wp\/v2\/types\/post"}],"author":[{"embeddable":true,"href":"https:\/\/atitudenoticias.com.br\/index.php?rest_route=\/wp\/v2\/users\/2"}],"replies":[{"embeddable":true,"href":"https:\/\/atitudenoticias.com.br\/index.php?rest_route=%2Fwp%2Fv2%2Fcomments&post=9760"}],"version-history":[{"count":1,"href":"https:\/\/atitudenoticias.com.br\/index.php?rest_route=\/wp\/v2\/posts\/9760\/revisions"}],"predecessor-version":[{"id":9762,"href":"https:\/\/atitudenoticias.com.br\/index.php?rest_route=\/wp\/v2\/posts\/9760\/revisions\/9762"}],"wp:featuredmedia":[{"embeddable":true,"href":"https:\/\/atitudenoticias.com.br\/index.php?rest_route=\/wp\/v2\/media\/9761"}],"wp:attachment":[{"href":"https:\/\/atitudenoticias.com.br\/index.php?rest_route=%2Fwp%2Fv2%2Fmedia&parent=9760"}],"wp:term":[{"taxonomy":"category","embeddable":true,"href":"https:\/\/atitudenoticias.com.br\/index.php?rest_route=%2Fwp%2Fv2%2Fcategories&post=9760"},{"taxonomy":"post_tag","embeddable":true,"href":"https:\/\/atitudenoticias.com.br\/index.php?rest_route=%2Fwp%2Fv2%2Ftags&post=9760"}],"curies":[{"name":"wp","href":"https:\/\/api.w.org\/{rel}","templated":true}]}}